{"id":6032,"date":"2024-03-12T09:36:51","date_gmt":"2024-03-12T09:36:51","guid":{"rendered":"https:\/\/www.vitalco.com\/mag\/?p=6032"},"modified":"2024-03-12T09:36:52","modified_gmt":"2024-03-12T09:36:52","slug":"lessentiel-sur-la-vitamine-b8","status":"publish","type":"post","link":"https:\/\/www.vitalco.com\/mag\/lessentiel-sur-la-vitamine-b8\/","title":{"rendered":"L\u2019essentiel sur la Vitamine B8"},"content":{"rendered":"<div style=\"background-color:rgba(95, 33, 33, 0.93)!important;\"><section class=\"row mt-0\" id=\"block1\">\n\n<div class=\"col-sm-24\">\n<div class=\"text-justify mx-md-5 mb-0 mt-0 px-2 my-2 my-md-5\" style=\" color: #ffffff\">\n<p>Vitamine de la beaut\u00e9 par excellence, la vitamine B8 ou biotine est \u00e0 la fois apport\u00e9e par l\u2019alimentation et fabriqu\u00e9e par la flore intestinale. Outre son r\u00f4le cl\u00e9 dans la bonne sant\u00e9 des cheveux et de la peau, cette cachoti\u00e8re poss\u00e8de plus d\u2019une corde \u00e0 son arc !<\/p>\n<p><b>D\u00e9couvrons ensemble tous ses bienfaits.<\/b><\/p>\n<\/div>\n<\/div>\n  \n<\/section>\n<\/div>\n\n<section class=\"row mt-4\" id=\"block2\">\n\n<div class=\"col-sm-24\">\n<h2 class=\"font-weight-bold mx-md-5 mb-4 mt-0 text-montserrat\"><span>Production d\u2019\u00e9nergie<\/span><\/h2>\n<div class=\"text-justify mx-md-5 mb-0 mt-0\">\n<p>Elle intervient dans la transformation des nutriments en \u00e9nergie. Elle participe ainsi \u00e0 un m\u00e9tabolisme \u00e9nerg\u00e9tique normal.<\/p>\n<\/div>\n<\/div>\n  \n<\/section>\n\n\n\n<figure class=\"wp-block-image size-full\"><img loading=\"lazy\" width=\"990\" height=\"627\" src=\"https:\/\/www.vitalco.com\/mag\/app\/uploads\/2024\/03\/alliee.jpg\" alt=\"\" class=\"wp-image-6037\" srcset=\"https:\/\/www.vitalco.com\/mag\/app\/uploads\/2024\/03\/alliee.jpg 990w, https:\/\/www.vitalco.com\/mag\/app\/uploads\/2024\/03\/alliee-426x270.jpg 426w, https:\/\/www.vitalco.com\/mag\/app\/uploads\/2024\/03\/alliee-879x557.jpg 879w, https:\/\/www.vitalco.com\/mag\/app\/uploads\/2024\/03\/alliee-768x486.jpg 768w\" sizes=\"(max-width: 990px) 100vw, 990px\" \/><\/figure>\n\n\n<section class=\"row mt-4\" id=\"block3\">\n\n<div class=\"col-sm-24\">\n<h2 class=\"font-weight-bold mx-md-5 mb-4 mt-0 text-montserrat\"><span>Synth\u00e8se des vitamines B9 et B12<\/span><\/h2>\n<div class=\"text-justify mx-md-5 mb-0 mt-0\">\n<p>Elle permet la fabrication des vitamines B9 et B12, qui interviennent entre autres dans la production d\u2019\u00e9nergie et le bon fonctionnement du syst\u00e8me immunitaire.<\/p>\n<\/div>\n<\/div>\n  \n<\/section>\n\n\n<section class=\"row mt-4\" id=\"block4\">\n\n<div class=\"col-sm-16\">\n<h2 class=\"font-weight-bold ml-md-5 mb-4 mt-0 text-montserrat\"><span>Sources alimentaires<\/span><\/h2>\n<div class=\"text-justify ml-md-5 mb-0\">\n<p><ul>\n<li>Abats<\/li>\n<li>\u0152ufs<\/li>\n<li>C\u00e9r\u00e9ales compl\u00e8tes (bl\u00e9, riz\u2026)<\/li>\n<li>L\u00e9gumineuses (haricots, lentilles\u2026)<\/li>\n<li>Noix<\/li>\n<li>Champignons<\/li>\n<li>Banane<\/li>\n<\/ul>\n<\/p><\/div>\n<\/div>\n<div class=\"col-sm-8\">\n<img class=\"img-responsive\" src=\"https:\/\/www.vitalco.com\/mag\/app\/uploads\/2024\/03\/source.jpg\">\n<\/div>\n  \n<\/section>\n\n\n<section class=\"row mt-4\" id=\"block5\">\n\n<div class=\"col-sm-24\">\n<h2 class=\"font-weight-bold mx-md-5 mb-4 mt-0 text-montserrat\"><span>Le conseil de notre Di\u00e9t\u00e9ticienne<\/span><\/h2>\n<div class=\"text-justify mx-md-5 mb-0 mt-0\">\n<p>La vitamine B8 est hydrosoluble (soluble dans l\u2019eau), donc \u00e9limin\u00e9e avec l\u2019eau de cuisson. Pour \u00e9viter les pertes, privil\u00e9giez les cuissons vapeurs et consommez les jus\/bouillons de cuisson.<\/p>\n<\/div>\n<\/div>\n  \n<\/section>\n\n\n<section class=\"row mt-4\" id=\"block6\">\n\n<div class=\"col-sm-24\">\n<h2 class=\"font-weight-bold mx-md-5 mb-4 mt-0 text-montserrat\"><span>Retrouvez la vitamine B8 dans nos produits de sant\u00e9 naturels !<\/span><\/h2>\n<div class=\"text-justify mx-md-5 mb-0 mt-0\">\n<p><\/p><\/div>\n<\/div>\n  \n<\/section>\n\n\n\n<figure class=\"wp-block-image size-full\"><img loading=\"lazy\" width=\"990\" height=\"627\" src=\"https:\/\/www.vitalco.com\/mag\/app\/uploads\/2024\/03\/benergy-1.jpg\" alt=\"\" class=\"wp-image-6041\" srcset=\"https:\/\/www.vitalco.com\/mag\/app\/uploads\/2024\/03\/benergy-1.jpg 990w, https:\/\/www.vitalco.com\/mag\/app\/uploads\/2024\/03\/benergy-1-426x270.jpg 426w, https:\/\/www.vitalco.com\/mag\/app\/uploads\/2024\/03\/benergy-1-879x557.jpg 879w, https:\/\/www.vitalco.com\/mag\/app\/uploads\/2024\/03\/benergy-1-768x486.jpg 768w\" sizes=\"(max-width: 990px) 100vw, 990px\" \/><\/figure>\n\n\n<section class=\"row mt-4\" id=\"block7\">\n\n<div class=\"col-sm-24\">\n<h2 class=\"font-weight-bold mx-md-5 mb-4 mt-0 text-montserrat\"><span>B-energy<\/span><\/h2>\n<div class=\"text-justify mx-md-5 mb-0 mt-0\">\n<ul class=\"rounded border py-3\" style=\"border-color:#b30b2e!important;padding-right: 40px\">\n<b>Formule ultra-concentr\u00e9e en vitamines B <\/b><\/p>\n<li>Diminution de la fatigue<\/li>\n<li>Maintien des d\u00e9fenses immunitaires<\/li>\n<li>Beaut\u00e9 de la peau et des cheveux<\/li>\n<li>Pour augmenter ses apports en vitamines B (r\u00e9gimes v\u00e9g\u00e9tarien et v\u00e9g\u00e9talien, seniors\u2026)<\/li>\n<\/ul>\n<p class=\"text-center\"><a href=\"\/b-energy.html\" class=\"btn bg-primary text-white font-weight-bold\">Je d\u00e9couvre<\/a><\/p>\n<\/div>\n<\/div>\n  \n<\/section>\n\n\n\n<figure class=\"wp-block-image size-full\"><img loading=\"lazy\" width=\"990\" height=\"627\" src=\"https:\/\/www.vitalco.com\/mag\/app\/uploads\/2024\/03\/hairvolume.jpg\" alt=\"\" class=\"wp-image-6040\" srcset=\"https:\/\/www.vitalco.com\/mag\/app\/uploads\/2024\/03\/hairvolume.jpg 990w, https:\/\/www.vitalco.com\/mag\/app\/uploads\/2024\/03\/hairvolume-426x270.jpg 426w, https:\/\/www.vitalco.com\/mag\/app\/uploads\/2024\/03\/hairvolume-879x557.jpg 879w, https:\/\/www.vitalco.com\/mag\/app\/uploads\/2024\/03\/hairvolume-768x486.jpg 768w\" sizes=\"(max-width: 990px) 100vw, 990px\" \/><\/figure>\n\n\n<section class=\"row mt-4\" id=\"block8\">\n\n<div class=\"col-sm-24\">\n<h2 class=\"font-weight-bold mx-md-5 mb-4 mt-0 text-montserrat\"><span>Hair Volume<\/span><\/h2>\n<div class=\"text-justify mx-md-5 mb-0 mt-0\">\n<ul class=\"rounded border py-3\" style=\"border-color:#b30b2e!important;padding-right: 40px\">\n<b>Croissance et volume des cheveux <\/b><\/p>\n<li>Favorise la croissance des cheveux<\/li>\n<li>Nourrit les cheveux de l\u2019int\u00e9rieur<\/li>\n<li>Lutte contre le blanchissement des cheveux<\/li>\n<li>Recommand\u00e9 en cas de chute de cheveux, cheveux fins, ternes, cassants<\/li>\n<li><b>Forte concentration en Vitamine B8 !<br \/>\n1 comprim\u00e9 = 6000% des apports quotidiens recommand\u00e9s (3 mg)<\/b><\/li>\n<\/ul>\n<p class=\"text-center\"><a href=\"\/hair-volume.html\" class=\"btn bg-primary text-white font-weight-bold\">Je d\u00e9couvre<\/a><\/p>\n<\/div>\n<\/div>\n  \n<\/section>\n","protected":false},"excerpt":{"rendered":"","protected":false},"author":3,"featured_media":6033,"comment_status":"closed","ping_status":"closed","sticky":false,"template":"","format":[34],"meta":[],"categories":[75,5],"tags":[],"_links":{"self":[{"href":"https:\/\/www.vitalco.com\/mag\/wp-json\/wp\/v2\/posts\/6032"}],"collection":[{"href":"https:\/\/www.vitalco.com\/mag\/wp-json\/wp\/v2\/posts"}],"about":[{"href":"https:\/\/www.vitalco.com\/mag\/wp-json\/wp\/v2\/types\/post"}],"author":[{"embeddable":true,"href":"https:\/\/www.vitalco.com\/mag\/wp-json\/wp\/v2\/users\/3"}],"replies":[{"embeddable":true,"href":"https:\/\/www.vitalco.com\/mag\/wp-json\/wp\/v2\/comments?post=6032"}],"version-history":[{"count":0,"href":"https:\/\/www.vitalco.com\/mag\/wp-json\/wp\/v2\/posts\/6032\/revisions"}],"wp:featuredmedia":[{"embeddable":true,"href":"https:\/\/www.vitalco.com\/mag\/wp-json\/wp\/v2\/media\/6033"}],"wp:attachment":[{"href":"https:\/\/www.vitalco.com\/mag\/wp-json\/wp\/v2\/media?parent=6032"}],"wp:term":[{"taxonomy":"category","embeddable":true,"href":"https:\/\/www.vitalco.com\/mag\/wp-json\/wp\/v2\/categories?post=6032"},{"taxonomy":"post_tag","embeddable":true,"href":"https:\/\/www.vitalco.com\/mag\/wp-json\/wp\/v2\/tags?post=6032"},{"taxonomy":"format","embeddable":true,"href":"https:\/\/www.vitalco.com\/mag\/wp-json\/wp\/v2\/format?post=6032"}],"curies":[{"name":"wp","href":"https:\/\/api.w.org\/{rel}","templated":true}]}}