{"id":4421,"date":"2022-05-31T15:21:41","date_gmt":"2022-05-31T15:21:41","guid":{"rendered":"https:\/\/www.vitalco.com\/mag\/?p=4421"},"modified":"2022-08-08T15:10:07","modified_gmt":"2022-08-08T15:10:07","slug":"des-fleurs-dans-nos-assiettes","status":"publish","type":"post","link":"https:\/\/www.vitalco.com\/mag\/des-fleurs-dans-nos-assiettes\/","title":{"rendered":"Des fleurs dans nos assiettes"},"content":{"rendered":"<div style=\"background-color:#fbbd05!important;\"><section class=\"row mt-0\" id=\"block1\">\n\n<div class=\"col-sm-24\">\n<div class=\"text-justify mx-md-5 mb-0 mt-0 lead px-2 my-2 my-md-5\" style=\" color: #ffffff\">\n<p>L\u2019utilisation des fleurs dans l\u2019alimentation remonte \u00e0 des milliers d\u2019ann\u00e9es dans les cultures italienne, grecque et m\u00eame asiatique ! En plus d\u2019apporter de la couleur et de la saveur, chaque fleur comestible poss\u00e8de ses particularit\u00e9s, ses bienfaits et ses qualit\u00e9s nutritionnelles.<\/p>\n<\/div>\n<\/div>\n  \n<\/section>\n<\/div>\n\n<style>.line-behind2:before { border-color: #e0a904;}<\/style><section class=\"row mt-4\" id=\"block2\">\n\n<div class=\"col-sm-24\">\n<h2 class=\"font-weight-bold mx-md-5 mb-4 mt-0 text-montserrat line-behind line-behind2\" style=\"color:#e0a904\"><span>La Camomille allemande ou Matricaire<\/span><\/h2>\n<div class=\"text-justify mx-md-5 mb-0 mt-0\">\n<p><\/p><\/div>\n<\/div>\n  \n<\/section>\n\n\n<section class=\"row mt-4\">\n<div class=\"col-sm-24\">\n<div class=\"px-md-5\">\n<img class=\"img-responsive\" src=\"https:\/\/www.vitalco.com\/mag\/app\/uploads\/2021\/05\/1.png\">\n<\/div>\n<\/div>\n<\/section>\n\n<section class=\"row mt-2\" id=\"block3\">\n\n<div class=\"col-sm-24\">\n<div class=\"text-justify mx-md-5 mb-0 mt-0\">\n<p><b>Nom latin et Famille :<\/b> Matricaria chamomilla, famille des Ast\u00e9rac\u00e9es<\/p>\n<p><b>Origine et Particularit\u00e9s : <\/b>Petite plante vivace semblable \u00e0 la marguerite et au parfum aromatique caract\u00e9ristique, la Matricaire ou Camomille allemande est originaire du Sud de l\u2019Eurasie. Elle est reconnaissable gr\u00e2ce \u00e0 ses fleurs aux p\u00e9tales blancs et \u00e0 son centre jaune.<\/p>\n<p><b>Propri\u00e9t\u00e9s et Atouts nutritionnels :<\/b> La Matricaire a une action relaxante et l\u00e9g\u00e8rement s\u00e9dative. Fr\u00e9quemment d\u00e9sign\u00e9e \u00ab anxiolytique \u00bb, elle permet de retrouver un \u00e9tat apais\u00e9 favorable \u00e0 l\u2019endormissement, particuli\u00e8rement en cas d\u2019anxi\u00e9t\u00e9 au moment d\u2019aller se coucher. Elle est riche en polyph\u00e9nols (antioxydants) et en terp\u00e9no\u00efdes (compos\u00e9s organiques donnant ses qualit\u00e9s aromatiques \u00e0 la plante).<\/p>\n<\/div>\n<\/div>\n  \n<\/section>\n\n\n<section class=\"row mt-0\" id=\"block4\">\n\n<div class=\"col-sm-16\">\n<div class=\"text-justify ml-md-5 mb-0\">\n<p><b>En cuisine :<\/b> Ses fleurs ont un fort pouvoir aromatique, doux et sans amertume. Elles seront parfaites en salade, en infusion, int\u00e9gr\u00e9es dans les sauces des plats ou dans des desserts. <\/p>\n<\/div>\n<\/div>\n<div class=\"col-sm-8\">\n<img class=\"img-responsive\" src=\"https:\/\/www.vitalco.com\/mag\/app\/uploads\/2021\/05\/fleur1-1.png\">\n<\/div>\n  \n<\/section>\n\n\n<style>.line-behind5:before { border-color: #df90dc;}<\/style><section class=\"row mt-4\" id=\"block5\">\n\n<div class=\"col-sm-24\">\n<h2 class=\"font-weight-bold mx-md-5 mb-4 mt-0 text-montserrat line-behind line-behind5\" style=\"color:#df90dc\"><span>L\u2019Echinac\u00e9e pourpre<\/span><\/h2>\n<div class=\"text-justify mx-md-5 mb-0 mt-0\">\n<p><\/p><\/div>\n<\/div>\n  \n<\/section>\n\n\n<section class=\"row mt-4\">\n<div class=\"col-sm-24\">\n<div class=\"px-md-5\">\n<img class=\"img-responsive\" src=\"https:\/\/www.vitalco.com\/mag\/app\/uploads\/2021\/05\/2.png\">\n<\/div>\n<\/div>\n<\/section>\n\n<section class=\"row mt-2\" id=\"block6\">\n\n<div class=\"col-sm-24\">\n<div class=\"text-justify mx-md-5 mb-0 mt-0\">\n<p><b>Nom latin et Famille :<\/b> Echinacea purpurea, famille des Ast\u00e9rac\u00e9es<\/p>\n<p><b>Origine et Particularit\u00e9s :<\/b> Semblable \u00e0 une marguerite, l\u2019Echinac\u00e9e est une plante d\u2019ornement robuste originaire d\u2019Am\u00e9rique du Nord. Elle poss\u00e8de de grandes et larges fleurs aux couleurs vives allant du blanc au pourpre et orn\u00e9es d\u2019un centre orang\u00e9.<\/p>\n<p><b>Propri\u00e9t\u00e9s et Atouts nutritionnels :<\/b> Tr\u00e8s utilis\u00e9e par les indiens pour soigner les infections respiratoires et les maux d\u2019estomac, l\u2019Echinac\u00e9e est largement utilis\u00e9e pour ses propri\u00e9t\u00e9s immunostimulantes. Ses principes actifs sont reconnus pour augmenter les capacit\u00e9s de d\u00e9fense naturelles de l\u2019organisme, notamment au niveau des voies respiratoires. Elle est riche en polysaccharides (fibres favorisant un bon transit et la sensation de sati\u00e9t\u00e9), en alkamides (immunostimulants) et en min\u00e9raux (calcium, magn\u00e9sium\u2026).<\/p>\n<\/div>\n<\/div>\n  \n<\/section>\n\n\n<section class=\"row mt-0\" id=\"block7\">\n\n<div class=\"col-sm-16\">\n<div class=\"text-justify ml-md-5 mb-0\">\n<p><b>En cuisine :<\/b> En teinture-m\u00e8re (solution hydro-alcoolique \u00e0 base de plantes fra\u00eeches et d\u2019alcool), en infusion, en d\u00e9coction ou encore en jus.<\/p>\n<\/div>\n<\/div>\n<div class=\"col-sm-8\">\n<img class=\"img-responsive\" src=\"https:\/\/www.vitalco.com\/mag\/app\/uploads\/2021\/05\/fleur2.png\">\n<\/div>\n  \n<\/section>\n\n\n<style>.line-behind8:before { border-color: #aa64e3;}<\/style><section class=\"row mt-4\" id=\"block8\">\n\n<div class=\"col-sm-24\">\n<h2 class=\"font-weight-bold mx-md-5 mb-4 mt-0 text-montserrat line-behind line-behind8\" style=\"color:#aa64e3\"><span>La Mauve <\/span><\/h2>\n<div class=\"text-justify mx-md-5 mb-0 mt-0\">\n<p><\/p><\/div>\n<\/div>\n  \n<\/section>\n\n\n<section class=\"row mt-4\">\n<div class=\"col-sm-24\">\n<div class=\"px-md-5\">\n<img class=\"img-responsive\" src=\"https:\/\/www.vitalco.com\/mag\/app\/uploads\/2021\/05\/3.png\">\n<\/div>\n<\/div>\n<\/section>\n\n<section class=\"row mt-2\" id=\"block9\">\n\n<div class=\"col-sm-24\">\n<div class=\"text-justify mx-md-5 mb-0 mt-0\">\n<p><b>Nom latin et Famille : <\/b>Malva sylvestris, famille des Malvac\u00e9es<\/p>\n<p><b>Origine et Particularit\u00e9s :<\/b> Petite plante vivace, la Mauve aussi appel\u00e9e Mauve des bois ou Grande Mauve est originaire d\u2019Eurasie et d\u2019Afrique du Nord. Cousine de la guimauve et de la rose tr\u00e9mi\u00e8re, la Mauve poss\u00e8de des fleurs violettes-pourpres vein\u00e9es de noir dress\u00e9es sur de longues tiges.<\/p>\n<p><b>Propri\u00e9t\u00e9s et Atouts nutritionnels : <\/b>Les propri\u00e9t\u00e9s laxatives de la Mauve sont connues. Ses fleurs sont riches en mucilages, des fibres qui gonflent au contact de l\u2019eau et qui permettent le maintien d\u2019un transit r\u00e9gulier en augmentant le volume et l\u2019hydratation des selles. Elle est source d\u2019antioxydants, de tanins, d\u2019anthocyanosides (pigments), de potassium et de vitamines A, B, C et E.<\/p>\n<\/div>\n<\/div>\n  \n<\/section>\n\n\n<section class=\"row mt-4\" id=\"block10\">\n\n<div class=\"col-sm-24\">\n<h2 class=\"font-weight-bold mx-md-5 mb-4 mt-0 text-montserrat\"><span>D\u00e9couvrez nos formules naturelles \u00e0 base de Fleurs comestibles<\/span><\/h2>\n<div class=\"text-justify mx-md-5 mb-0 mt-0\">\n<p><\/p><\/div>\n<\/div>\n  \n<\/section>\n\n\n<section class=\"row mt-4\">\n<div class=\"col-sm-24\">\n<div class=\"px-md-5\">\n<img class=\"img-responsive\" src=\"https:\/\/www.vitalco.com\/mag\/app\/uploads\/2021\/05\/echinacee.png\">\n<\/div>\n<\/div>\n<\/section>\n\n<section class=\"row mt-4\" id=\"block11\">\n\n<div class=\"col-sm-24\">\n<h2 class=\"font-weight-bold mx-md-5 mb-4 mt-0 text-montserrat\"><span>Echinac\u00e9e<\/span><\/h2>\n<div class=\"text-justify mx-md-5 mb-0 mt-0\">\n<ul class=\"rounded border py-3\" style=\"border-color:#D10030!important;padding-right: 40px\">\n<li> Contient de l\u2019Echinac\u00e9e<\/li>\n<li> Renforce les d\u00e9fenses immunitaires<\/li>\n<li> R\u00e9duit la fatigue<\/li>\n<li> Id\u00e9al en cas de rhume<\/li>\n<li> Un seul comprim\u00e9 par jour<\/li>\n<\/ul>\n<p class=\"text-center\"><a href=\"\/echinacee.html\" class=\"btn bg-primary text-white font-weight-bold\">Je d\u00e9couvre<\/a><\/p>\n<\/div>\n<\/div>\n  \n<\/section>\n\n\n<section class=\"row mt-4\" id=\"block12\">\n\n<div class=\"col-sm-24\">\n<div class=\"text-justify mx-md-5 mb-0 mt-0\">\n<p><\/p><\/div>\n<\/div>\n  \n<\/section>\n\n\n<section class=\"row mt-4\">\n<div class=\"col-sm-24\">\n<div class=\"px-md-5\">\n<img class=\"img-responsive\" src=\"https:\/\/www.vitalco.com\/mag\/app\/uploads\/2021\/05\/melissa.png\">\n<\/div>\n<\/div>\n<\/section>\n\n<section class=\"row mt-4\" id=\"block13\">\n\n<div class=\"col-sm-24\">\n<h2 class=\"font-weight-bold mx-md-5 mb-4 mt-0 text-montserrat\"><span>Melissa R\u00eave<\/span><\/h2>\n<div class=\"text-justify mx-md-5 mb-0 mt-0\">\n<ul class=\"rounded border py-3\" style=\"border-color:#D10030!important;padding-right: 40px\">\n<li> Contient de la Matricaire (Camomille allemande)<\/li>\n<li> Favorise l\u2019endormissement et un sommeil profond et r\u00e9parateur <\/li>\n<li> Aide \u00e0 la relaxation <\/li>\n<li> Sans somnolence ni accoutumance<\/li>\n<li> Existe aussi en Gummies ! <b>Melissa R\u00eave Gummies<\/b> &#8211; Go\u00fbt citron et orange &#8211; V\u00e9g\u00e9talien<\/li>\n<\/ul>\n<p class=\"text-center\"><a href=\"\/catalogsearch\/result\/?q=Melissa\" class=\"btn bg-primary text-white font-weight-bold\">Je d\u00e9couvre<\/a><\/p>\n<\/div>\n<\/div>\n  \n<\/section>\n\n\n<section class=\"row mt-4\" id=\"block14\">\n\n<div class=\"col-sm-24\">\n<div class=\"text-justify mx-md-5 mb-0 mt-0\">\n<p><\/p><\/div>\n<\/div>\n  \n<\/section>\n\n\n<section class=\"row mt-4\">\n<div class=\"col-sm-24\">\n<div class=\"px-md-5\">\n<img class=\"img-responsive\" src=\"https:\/\/www.vitalco.com\/mag\/app\/uploads\/2021\/05\/transit.png\">\n<\/div>\n<\/div>\n<\/section>\n\n<section class=\"row mt-4\" id=\"block15\">\n\n<div class=\"col-sm-24\">\n<h2 class=\"font-weight-bold mx-md-5 mb-4 mt-0 text-montserrat\"><span>Transit Facile<\/span><\/h2>\n<div class=\"text-justify mx-md-5 mb-0 mt-0\">\n<ul class=\"rounded border py-3\" style=\"border-color:#D10030!important;padding-right: 40px\">\n<li> Contient de la Mauve (Grande Mauve) <\/li>\n<li> Stimule la motricit\u00e9 intestinale et favorise un transit r\u00e9gulier<\/li>\n<li> Laxatif de lest riche en mucilages<\/li>\n<li> Cr\u00e9e une couche lubrifiante dans les intestins pour faciliter l\u2019\u00e9limination des selles<\/li>\n<li> Non irritant : garanti sans anthrac\u00e9niques<\/li>\n<\/ul>\n<p class=\"text-center\"><a href=\"\/transit-facile.html\" class=\"btn bg-primary text-white font-weight-bold\">Je d\u00e9couvre<\/a><\/p>\n<\/div>\n<\/div>\n  \n<\/section>\n","protected":false},"excerpt":{"rendered":"","protected":false},"author":3,"featured_media":4422,"comment_status":"closed","ping_status":"open","sticky":false,"template":"","format":[34,24],"meta":[],"categories":[81],"tags":[113],"_links":{"self":[{"href":"https:\/\/www.vitalco.com\/mag\/wp-json\/wp\/v2\/posts\/4421"}],"collection":[{"href":"https:\/\/www.vitalco.com\/mag\/wp-json\/wp\/v2\/posts"}],"about":[{"href":"https:\/\/www.vitalco.com\/mag\/wp-json\/wp\/v2\/types\/post"}],"author":[{"embeddable":true,"href":"https:\/\/www.vitalco.com\/mag\/wp-json\/wp\/v2\/users\/3"}],"replies":[{"embeddable":true,"href":"https:\/\/www.vitalco.com\/mag\/wp-json\/wp\/v2\/comments?post=4421"}],"version-history":[{"count":0,"href":"https:\/\/www.vitalco.com\/mag\/wp-json\/wp\/v2\/posts\/4421\/revisions"}],"wp:featuredmedia":[{"embeddable":true,"href":"https:\/\/www.vitalco.com\/mag\/wp-json\/wp\/v2\/media\/4422"}],"wp:attachment":[{"href":"https:\/\/www.vitalco.com\/mag\/wp-json\/wp\/v2\/media?parent=4421"}],"wp:term":[{"taxonomy":"category","embeddable":true,"href":"https:\/\/www.vitalco.com\/mag\/wp-json\/wp\/v2\/categories?post=4421"},{"taxonomy":"post_tag","embeddable":true,"href":"https:\/\/www.vitalco.com\/mag\/wp-json\/wp\/v2\/tags?post=4421"},{"taxonomy":"format","embeddable":true,"href":"https:\/\/www.vitalco.com\/mag\/wp-json\/wp\/v2\/format?post=4421"}],"curies":[{"name":"wp","href":"https:\/\/api.w.org\/{rel}","templated":true}]}}