{"id":2908,"date":"2021-01-15T11:05:55","date_gmt":"2021-01-15T11:05:55","guid":{"rendered":"https:\/\/www.vitalco.com\/mag\/?p=2908"},"modified":"2022-08-09T16:24:01","modified_gmt":"2022-08-09T16:24:01","slug":"en-hiver-quels-rituels-beaute","status":"publish","type":"post","link":"https:\/\/www.vitalco.com\/mag\/en-hiver-quels-rituels-beaute\/","title":{"rendered":"en hiver : Quels rituels beaut\u00e9 ?"},"content":{"rendered":"<div style=\"background-color:#8899bd!important;\"><section class=\"row mt-0\" id=\"block1\">\n\n<div class=\"col-sm-24\">\n<div class=\"text-justify mx-md-5 mb-0 mt-0 lead px-2 my-2 my-md-5\" style=\" color: #ffffff\">\n<p>Peau s\u00e8che et rugueuse, d\u00e9mangeaisons, l\u00e8vres gerc\u00e9es, cheveux ternes et cassants\u2026 En cette saison hivernale, le froid, le vent et l&rsquo;air surchauff\u00e9 \u00e0 l&rsquo;int\u00e9rieur ont tendance \u00e0 ass\u00e9cher la peau et les cheveux.<br \/>\nPas de panique, on vous donne des astuces beaut\u00e9 pour \u00e9viter l&rsquo;effet peau de croco et les cheveux secs comme de la paille !<\/p>\n<\/div>\n<\/div>\n  \n<\/section>\n<\/div>\n\n<section class=\"row mt-5 py-3 mx-0 rounded border\" id=\"block2\" style=\"border-color:#cf69a6!important\">\n\n<div class=\"col-sm-16 px-0\">\n<h2 class=\"font-weight-bold ml-md-5 mb-4 mt-0 mx-2 text-kaushan-script\" style=\"color:#8899bd\"><span>Le saviez-vous ?<\/span><\/h2>\n<div class=\"text-justify ml-md-5 mb-0 mx-2\">\n<p>La surface de la peau est recouverte d&rsquo;un film hydrolipidique, constitu\u00e9 \u00e0 la fois de s\u00e9bum (lipides), produit par les glandes s\u00e9bac\u00e9es, et d\u2019eau. Il prot\u00e8ge la peau des agressions ext\u00e9rieures et maintient son hydratation en retenant l&rsquo;eau dans l&rsquo;\u00e9piderme (couche sup\u00e9rieure de la peau) par un effet \u00ab barri\u00e8re \u00bb.<\/p>\n<\/div>\n<\/div>\n<div class=\"col-sm-8\">\n<img class=\"img-responsive\" src=\"https:\/\/www.vitalco.com\/mag\/app\/uploads\/2020\/02\/peau.png\">\n<\/div>\n  \n<\/section>\n\n\n<section class=\"row mt-5\" id=\"block3\">\n\n<div class=\"col-sm-24\">\n<h2 class=\"font-weight-bold mx-md-5 mb-4 mt-0 text-montserrat\" style=\"color:#cf69a6\"><span>Prenez soin de votre peau<\/span><\/h2>\n<div class=\"text-justify mx-md-5 mb-0 mt-0\">\n<p>En hiver, la peau est particuli\u00e8rement sujette au dess\u00e8chement, notamment au niveau du visage et des mains qui sont les plus expos\u00e9s au froid. Il est donc important de renforcer la barri\u00e8re hydrolipidique de la peau pour freiner les pertes en eau et la nourrir gr\u00e2ce \u00e0 des soins appropri\u00e9s :<\/p>\n<ul>\n<li><b>Choisissez une cr\u00e8me de jour avec des actifs hydratants<\/b> comme les c\u00e9ramides de bl\u00e9, ainsi que du collag\u00e8ne pour \u00e9viter l&rsquo;apparition de ridules de d\u00e9shydratation.<\/li>\n<li><b>Appliquez un s\u00e9rum hydratant<\/b> pour un maximum de confort, avant votre cr\u00e8me de jour.<\/li>\n<li>Au coucher, <b>massez votre visage avec des huiles v\u00e9g\u00e9tales nourrissantes<\/b> qui vont restaurer la barri\u00e8re cutan\u00e9e : huiles v\u00e9g\u00e9tales d\u2019argousier, de macadamia, d\u2019avocat\u2026<\/li>\n<li>L\u00e8vres et mains gerc\u00e9es : les mains contiennent peu de glandes s\u00e9bac\u00e9es et les l\u00e8vres en sont d\u00e9pourvues. <b>Nourrissez-les avec des cr\u00e8mes plus grasses que celles du visage<\/b> : beurre de karit\u00e9, cire d\u2019abeille\u2026<\/li>\n<li>Une peau bien hydrat\u00e9e passe aussi par l\u2019alimentation :\n<ul>\n<li><b>Buvez au moins 1.5 L d\u2019eau par jour<\/b><\/li>\n<li><b>Faites le plein d\u2019Omega 3, 6, 7 et 9<\/b> (noisettes, amandes, huile de colza, huile d\u2019olive\u2026). Les Omega 7 sont des acides gras particuli\u00e8rement b\u00e9n\u00e9fiques en cas de peau s\u00e8che et de d\u00e9mangeaisons. Ils sont pourtant peu connus car tr\u00e8s rares : on en trouve dans les noix de macadamia et les baies d\u2019argousier.<\/li>\n<\/ul>\n<\/li>\n<\/ul>\n<\/div>\n<\/div>\n  \n<\/section>\n\n\n<section class=\"row mt-4\" id=\"block4\">\n\n<div class=\"col-sm-24\">\n<div class=\"text-justify mx-md-5 mb-0 mt-0\">\n<p><\/p><\/div>\n<\/div>\n  \n<\/section>\n\n\n<section class=\"row mt-0\" id=\"block5\">\n\n<div class=\"col-sm-24\">\n<h2 class=\"font-weight-bold mx-md-5 mb-4 mt-0 text-montserrat\" style=\"color:#cf69a6\"><span>Cheveux : op\u00e9ration cocooning<\/span><\/h2>\n<div class=\"text-justify mx-md-5 mb-0 mt-0\">\n<p>Tout comme la peau, les cheveux peuvent aussi subir les d\u00e9sagr\u00e9ments de l&rsquo;hiver. Pour y rem\u00e9dier, optez pour une routine capillaire cocooning :<\/p>\n<\/div>\n<\/div>\n  \n<\/section>\n\n\n<section class=\"row mt-0\" id=\"block6\">\n\n<div class=\"col-sm-16\">\n<div class=\"text-justify ml-md-5 mb-0\">\n<p><ul>\n<li>Une fois par semaine, <b>pratiquez des bains d&rsquo;huiles v\u00e9g\u00e9tales<\/b> (huiles v\u00e9g\u00e9tales de jojoba, de coco, d\u2019argan\u2026) avant le shampoing. Imbiber longueurs et pointes.<\/li>\n<li>Tous les matins, <b>appliquez une noisette de gel d&rsquo;aloe vera<\/b> ou de baume nutritif sur vos pointes apr\u00e8s avoir bross\u00e9 vos cheveux.<\/li>\n<li>Pensez \u00e0 <\/b>couper vos pointes s\u00e8ches<b> pour booster la vitalit\u00e9 de vos cheveux.<\/li>\n<li>Les frottements r\u00e9p\u00e9t\u00e9s du bonnet en laine ou en mati\u00e8res synth\u00e9tiques peuvent rendre les cheveux \u00e9lectriques et les ab\u00eemer. <\/b>Pr\u00e9f\u00e9rez des bonnets doubl\u00e9s de mati\u00e8res douces<\/b> comme le satin ou la soie.<\/li>\n<\/ul>\n<\/p><\/div>\n<\/div>\n<div class=\"col-sm-8\">\n<img class=\"img-responsive\" src=\"https:\/\/www.vitalco.com\/mag\/app\/uploads\/2020\/02\/cheveux-1.png\">\n<\/div>\n  \n<\/section>\n\n\n<section class=\"row mt-4\">\n<div class=\"col-sm-24\">\n<div class=\"px-md-5\">\n<img class=\"img-responsive\" src=\"https:\/\/www.vitalco.com\/mag\/app\/uploads\/2020\/02\/skincare.png\">\n<\/div>\n<\/div>\n<\/section>\n\n<section class=\"row mt-4\" id=\"block7\">\n\n<div class=\"col-sm-24\">\n<div class=\"text-justify mx-md-5 mb-0 mt-0\">\n<h2 class=\"text-center\">Skin Care Collag\u00e8ne Lisseur<\/h2>\n<p>Formule naturelle \u00e0 base de Collag\u00e8ne marin, extraits v\u00e9g\u00e9taux concentr\u00e9s (C\u00e9ramides de bl\u00e9, Tomate, Astaxanthine) et Vitamine C, agissant sur les couches profondes de la peau que les cr\u00e8mes traditionnelles n\u2019atteignent pas !<\/p>\n<ul class=\"rounded border py-3\" style=\"border-color:#cf69a6!important\">\n<li>Fermet\u00e9 et hydratation de la peau<\/li>\n<li>Diminution des rides<\/li>\n<li>Protection de la peau contre les agressions ext\u00e9rieures<\/li>\n<li><b>Efficacit\u00e9 cliniquement prouv\u00e9e* :<\/b> les premiers r\u00e9sultats sont visibles d\u00e8s 14 jours !<\/li>\n<\/ul>\n<p><em style=\"font-size: x-small\">*\u00c9tude clinique r\u00e9alis\u00e9e pendant 56 jours sur un panel de femmes \u00e2g\u00e9es de 36 \u00e0 58 ans.<\/em><\/p>\n<p class=\"text-center\"><a href=\"\/skin-care-collagene-lisseur.html\" class=\"btn bg-primary text-white font-weight-bold\">Je d\u00e9couvre<\/a><\/p>\n<\/div>\n<\/div>\n  \n<\/section>\n\n\n<section class=\"row mt-4\">\n<div class=\"col-sm-24\">\n<div class=\"px-md-5\">\n<img class=\"img-responsive\" src=\"https:\/\/www.vitalco.com\/mag\/app\/uploads\/2020\/02\/Argousier.png\">\n<\/div>\n<\/div>\n<\/section>\n\n<section class=\"row mt-4\" id=\"block8\">\n\n<div class=\"col-sm-24\">\n<div class=\"text-justify mx-md-5 mb-0 mt-0\">\n<h2 class=\"text-center\">Argousier <\/h2>\n<p>Comprim\u00e9s concentr\u00e9s en extrait de baies d&rsquo;Argousier naturellement riches en Omega 3,6,7 et 9.<\/p>\n<ul class=\"rounded border py-3\" style=\"border-color:#cf69a6!important\">\n<li>Recommand\u00e9 en cas de s\u00e9cheresse, d\u00e9mangeaisons, irritations de la peau et des muqueuses<\/li>\n<li>Contribue au bon fonctionnement de la peau et des muqueuses<\/li>\n<\/ul>\n<p class=\"text-center\"><a href=\"\/argousier.html\" class=\"btn bg-primary text-white font-weight-bold\">Je d\u00e9couvre<\/a><\/p>\n<\/div>\n<\/div>\n  \n<\/section>\n\n\n<section class=\"row mt-4\">\n<div class=\"col-sm-24\">\n<div class=\"px-md-5\">\n<img class=\"img-responsive\" src=\"https:\/\/www.vitalco.com\/mag\/app\/uploads\/2020\/02\/hairvolume.png\">\n<\/div>\n<\/div>\n<\/section>\n\n<section class=\"row mt-4\" id=\"block9\">\n\n<div class=\"col-sm-24\">\n<div class=\"text-justify mx-md-5 mb-0 mt-0\">\n<h2 class=\"text-center\">Hair Volume<\/h2>\n<p>Parce qu\u2019un cheveu sec et ab\u00eem\u00e9 n\u00e9cessite d&rsquo;\u00eatre r\u00e9par\u00e9 en profondeur, nous vous recommandons Hair Volume pour nourrir vos cheveux de l&rsquo;int\u00e9rieur !<\/p>\n<ul class=\"rounded border py-3\" style=\"border-color:#cf69a6!important\">\n<li>Actif in\u00e9dit : facteur de croissance issu de la pomme, la Procyanidine-B2, qui stimule la croissance des cheveux<\/li>\n<li>Apporte les nutriments essentiels \u00e0 la vitalit\u00e9 des cheveux (Zinc, Vitamines B8 et B5, L-cyst\u00e9ine et L-m\u00e9thionine)<\/li>\n<li>Apporte des extraits de plantes largement reconnues pour la beaut\u00e9 des cheveux (Millet et Pr\u00eale)<\/li>\n<li>Ralentit le blanchissement des cheveux (Cuivre, L-cyst\u00e9ine et L-m\u00e9thionine)<\/li>\n<li><b>Efficacit\u00e9 cliniquement prouv\u00e9e* : <\/b> les effets d\u2019Hair Volume ont commenc\u00e9 \u00e0 \u00eatre visibles d\u00e8s 2 mois.<\/li>\n<\/ul>\n<p><em style=\"font-size: x-small\">*\u00e9tude clinique r\u00e9alis\u00e9e sur 60 femmes pendant 4 mois<\/em><\/p>\n<p class=\"text-center\"><a href=\"\/hair-volume.html\" class=\"btn bg-primary text-white font-weight-bold\">Je d\u00e9couvre<\/a><\/p>\n<\/div>\n<\/div>\n  \n<\/section>\n\n\n\n<p><\/p>\n","protected":false},"excerpt":{"rendered":"","protected":false},"author":3,"featured_media":2909,"comment_status":"closed","ping_status":"open","sticky":false,"template":"","format":[28,34,24],"meta":[],"categories":[53],"tags":[98],"_links":{"self":[{"href":"https:\/\/www.vitalco.com\/mag\/wp-json\/wp\/v2\/posts\/2908"}],"collection":[{"href":"https:\/\/www.vitalco.com\/mag\/wp-json\/wp\/v2\/posts"}],"about":[{"href":"https:\/\/www.vitalco.com\/mag\/wp-json\/wp\/v2\/types\/post"}],"author":[{"embeddable":true,"href":"https:\/\/www.vitalco.com\/mag\/wp-json\/wp\/v2\/users\/3"}],"replies":[{"embeddable":true,"href":"https:\/\/www.vitalco.com\/mag\/wp-json\/wp\/v2\/comments?post=2908"}],"version-history":[{"count":0,"href":"https:\/\/www.vitalco.com\/mag\/wp-json\/wp\/v2\/posts\/2908\/revisions"}],"wp:featuredmedia":[{"embeddable":true,"href":"https:\/\/www.vitalco.com\/mag\/wp-json\/wp\/v2\/media\/2909"}],"wp:attachment":[{"href":"https:\/\/www.vitalco.com\/mag\/wp-json\/wp\/v2\/media?parent=2908"}],"wp:term":[{"taxonomy":"category","embeddable":true,"href":"https:\/\/www.vitalco.com\/mag\/wp-json\/wp\/v2\/categories?post=2908"},{"taxonomy":"post_tag","embeddable":true,"href":"https:\/\/www.vitalco.com\/mag\/wp-json\/wp\/v2\/tags?post=2908"},{"taxonomy":"format","embeddable":true,"href":"https:\/\/www.vitalco.com\/mag\/wp-json\/wp\/v2\/format?post=2908"}],"curies":[{"name":"wp","href":"https:\/\/api.w.org\/{rel}","templated":true}]}}