{"id":2717,"date":"2020-01-07T15:34:14","date_gmt":"2020-01-07T15:34:14","guid":{"rendered":"https:\/\/www.vitalco.com\/mag\/?p=2717"},"modified":"2022-08-10T14:23:52","modified_gmt":"2022-08-10T14:23:52","slug":"lechinacee-pourpre-votre-alliee-naturelle-anti-coup-de-froid","status":"publish","type":"post","link":"https:\/\/www.vitalco.com\/mag\/lechinacee-pourpre-votre-alliee-naturelle-anti-coup-de-froid\/","title":{"rendered":"Votre alli\u00e9e naturelle anti-coup de froid"},"content":{"rendered":"<div style=\"background-color:#de99cf!important;\"><section class=\"row mt-0\" id=\"block1\">\n\n<div class=\"col-sm-24\">\n<div class=\"text-justify mx-md-5 mb-0 mt-0 lead px-2 my-2 my-md-5\" style=\" color: #ffffff\">\n<p>Nez qui coule, \u00e9ternuements, maux de t\u00eates, rhumes \u00e0 r\u00e9p\u00e9tition\u2026 Avec l&rsquo;arriv\u00e9e du froid hivernal, les d\u00e9fenses immunitaires sont mises \u00e0 rude \u00e9preuve. Heureusement, vous pouvez compter sur l\u2019Echinac\u00e9e pourpre : plante par excellence pour renforcer vos d\u00e9fenses naturelles, elle est particuli\u00e8rement b\u00e9n\u00e9fique en cas de rhume.<\/p>\n<p>Eclairage sur cette belle vivace.<\/p>\n<\/div>\n<\/div>\n  \n<\/section>\n<\/div>\n\n<section class=\"row mt-5\" id=\"block2\">\n\n<div class=\"col-sm-16\">\n<h2 class=\"font-weight-bold ml-md-5 mb-4 mt-0 text-montserrat\" style=\"color:#de99cf\"><span>L\u2019Echinac\u00e9e pourpre et ses vertus immunostimulantes<\/span><\/h2>\n<div class=\"text-justify ml-md-5 mb-0\">\n<p>Sous ses allures de marguerite aux couleurs vives, l\u2019Echinac\u00e9e pourpre (nom latin : Echinacea purpurea) dissimule un fort pouvoir immuno-stimulant, c\u2019est-\u00e0-dire qu\u2019elle stimule les d\u00e9fenses immunitaires que poss\u00e8de l&rsquo;organisme pour se prot\u00e9ger des virus et des bact\u00e9ries. En effet, cette plante est riche en principes actifs reconnus pour augmenter les capacit\u00e9s de d\u00e9fense naturelles du corps. Elle agit sp\u00e9cifiquement au niveau des voies respiratoires, ce qui en fait une alli\u00e9e de choix pour combattre les coups de froid de l&rsquo;hiver !<\/p>\n<\/div>\n<\/div>\n<div class=\"col-sm-8\">\n<img class=\"img-responsive\" src=\"https:\/\/www.vitalco.com\/mag\/app\/uploads\/2019\/12\/Sans-titre-1.png\">\n<\/div>\n  \n<\/section>\n\n\n<section class=\"row mt-4\" id=\"block3\">\n\n<div class=\"col-sm-16\">\n<h2 class=\"font-weight-bold ml-md-5 mb-4 mt-0 text-montserrat\" style=\"color:#de99cf\"><span>Un peu d\u2019histoire\u2026<\/span><\/h2>\n<div class=\"text-justify ml-md-5 mb-0\">\n<p>Originaire d\u2019Am\u00e9rique du Nord, l\u2019Echinac\u00e9e pourpre \u00e9tait utilis\u00e9e par les indiens pour soigner les infections respiratoires, les maux d&rsquo;estomac et aussi les morsures de serpents. D\u2019autres esp\u00e8ces d\u2019Echinac\u00e9es (Echinacea angustifolia, Echinacea pallida) \u00e9taient \u00e9galement tr\u00e8s pris\u00e9es dans leur pharmacop\u00e9e pour traiter diverses affections. En voulant confirmer l&rsquo;efficacit\u00e9 de ces plantes, les scientifiques ont d\u00e9montr\u00e9 que seule l\u2019Echinac\u00e9e pourpre avait des bienfaits av\u00e9r\u00e9s pour le syst\u00e8me immunitaire.<\/p>\n<\/div>\n<\/div>\n<div class=\"col-sm-8\">\n<img class=\"img-responsive\" src=\"https:\/\/www.vitalco.com\/mag\/app\/uploads\/2019\/12\/Sans-titre-2.png\">\n<\/div>\n  \n<\/section>\n\n\n<section class=\"row mt-4\" id=\"block4\">\n\n<div class=\"col-sm-24\">\n<h2 class=\"font-weight-bold mx-md-5 mb-4 mt-0 text-montserrat\" style=\"color:#de99cf\"><span>Echinac\u00e9e pourpre\/Vitamine C : le duo de choc contre les infections hivernales<\/span><\/h2>\n<div class=\"text-justify mx-md-5 mb-0 mt-0\">\n<p>En plus de l\u2019Echinac\u00e9e pourpre, faites le plein de Vitamine C pour fortifier vos d\u00e9fenses immunitaires et r\u00e9duire la fatigue.<\/p>\n<p>O\u00f9 en trouver ? Dans la majorit\u00e9 des fruits et l\u00e9gumes et plus particuli\u00e8rement dans les agrumes, le cassis, le kiwi, le radis noir, les poivrons, le persil, le cresson et la m\u00e2che.<br \/>\n&nbsp;<\/p>\n<\/div>\n<\/div>\n  \n<\/section>\n\n\n<section class=\"row mt-4\">\n<div class=\"col-sm-24\">\n<div class=\"px-md-5\">\n<img class=\"img-responsive\" src=\"https:\/\/www.vitalco.com\/mag\/app\/uploads\/2019\/12\/Sans-titre-3.png\">\n<\/div>\n<\/div>\n<\/section>\n\n<section class=\"row mt-4\" id=\"block5\">\n\n<div class=\"col-sm-24\">\n<div class=\"text-justify mx-md-5 mb-0 mt-0\">\n<h2 class=\"text-center\">Echinac\u00e9e<\/h2>\n<p>Les comprim\u00e9s Echinac\u00e9e contiennent un extrait concentr\u00e9 d\u2019Echinac\u00e9e pourpre associ\u00e9 \u00e0 de la Vitamine&nbsp;C.<\/p>\n<ul>\n<li>Renforce les d\u00e9fenses immunitaires\n<li>R\u00e9duit la fatigue\n<li>Id\u00e9al en cas de rhume\n<li>Un seul comprim\u00e9 par jour<\/ul>\n<p class=\"text-center\"><a href=\"\/echinacee.html\" class=\"btn bg-primary text-white font-weight-bold\">Je d\u00e9couvre<\/a><\/p>\n<\/div>\n<\/div>\n  \n<\/section>\n\n\n\n<p><\/p>\n","protected":false},"excerpt":{"rendered":"","protected":false},"author":3,"featured_media":2718,"comment_status":"closed","ping_status":"open","sticky":false,"template":"","format":[34],"meta":[],"categories":[89],"tags":[86],"_links":{"self":[{"href":"https:\/\/www.vitalco.com\/mag\/wp-json\/wp\/v2\/posts\/2717"}],"collection":[{"href":"https:\/\/www.vitalco.com\/mag\/wp-json\/wp\/v2\/posts"}],"about":[{"href":"https:\/\/www.vitalco.com\/mag\/wp-json\/wp\/v2\/types\/post"}],"author":[{"embeddable":true,"href":"https:\/\/www.vitalco.com\/mag\/wp-json\/wp\/v2\/users\/3"}],"replies":[{"embeddable":true,"href":"https:\/\/www.vitalco.com\/mag\/wp-json\/wp\/v2\/comments?post=2717"}],"version-history":[{"count":0,"href":"https:\/\/www.vitalco.com\/mag\/wp-json\/wp\/v2\/posts\/2717\/revisions"}],"wp:featuredmedia":[{"embeddable":true,"href":"https:\/\/www.vitalco.com\/mag\/wp-json\/wp\/v2\/media\/2718"}],"wp:attachment":[{"href":"https:\/\/www.vitalco.com\/mag\/wp-json\/wp\/v2\/media?parent=2717"}],"wp:term":[{"taxonomy":"category","embeddable":true,"href":"https:\/\/www.vitalco.com\/mag\/wp-json\/wp\/v2\/categories?post=2717"},{"taxonomy":"post_tag","embeddable":true,"href":"https:\/\/www.vitalco.com\/mag\/wp-json\/wp\/v2\/tags?post=2717"},{"taxonomy":"format","embeddable":true,"href":"https:\/\/www.vitalco.com\/mag\/wp-json\/wp\/v2\/format?post=2717"}],"curies":[{"name":"wp","href":"https:\/\/api.w.org\/{rel}","templated":true}]}}