{"id":2031,"date":"2019-08-09T15:16:55","date_gmt":"2019-08-09T15:16:55","guid":{"rendered":"https:\/\/www.vitalco.com\/mag\/?p=2031"},"modified":"2021-01-25T11:26:32","modified_gmt":"2021-01-25T11:26:32","slug":"preparez-votre-peau-pour-la-proteger-du-soleil","status":"publish","type":"post","link":"https:\/\/www.vitalco.com\/mag\/preparez-votre-peau-pour-la-proteger-du-soleil\/","title":{"rendered":"Pr\u00e9parez votre peau pour la prot\u00e9ger du soleil"},"content":{"rendered":"<div style=\"background-color:#f8e890!important;\"><section class=\"row mt-0\" id=\"block1\">\n\n<div class=\"col-sm-24\">\n<div class=\"text-justify mx-md-5 mb-0 mt-0 px-2 my-2 my-md-5\">\n<p>Les premiers rayons du soleil de l&rsquo;\u00e9t\u00e9 permettent de redonner <strong>l\u2019\u00e9clat naturel \u00e0 votre peau<\/strong>. Mais il ne faut pas oublier que le soleil peut \u00eatre un ennemi si on ne se prot\u00e8ge pas suffisamment des UV. Avec l&rsquo;\u00e2ge, l&rsquo;exc\u00e8s de soleil <strong>ride la peau<\/strong> et fait appara\u00eetre des <strong>taches brunes<\/strong>. Une bonne pr\u00e9paration de votre peau au soleil favorise la production de m\u00e9lanine tout en la prot\u00e9geant des UV.<\/p>\n<\/div>\n<\/div>\n  \n<\/section>\n<\/div>\n\n<section class=\"row mt-4 py-3 mx-0 rounded border\" id=\"block2\" style=\"border-color:#fbd9bf!important\">\n\n<div class=\"col-sm-16 px-0\">\n<h2 class=\"font-weight-bold ml-md-5 mb-4 mt-0 mx-2 text-kaushan-script\"><span>Le programme estival de votre peau :<\/span><\/h2>\n<div class=\"text-justify ml-md-5 mb-0 mx-2\">\n<p><ul>\n<li>Utilisez une cr\u00e8me solaire avec un indice de protection adapt\u00e9 \u00e0 votre peau et \u00e9vitez l\u2019exposition entre 11 et 15h.\n<li>Buvez r\u00e9guli\u00e8rement la journ\u00e9e, d\u2019autant plus l\u2019\u00e9t\u00e9.\n<li>Commencez <a href=\"https:\/\/www.vitalco.com\/skin-care-hale-parfait.html\"><strong>Skin Care H\u00e2le Parfait<\/strong><\/a>, 1 mois avant les beaux jours, continuez tout du long de l\u2019exposition au soleil puis poursuivez 1 mois apr\u00e8s, pour prolonger la dur\u00e9e du bronzage.\n<li>Apr\u00e8s l\u2019\u00e9t\u00e9, si des taches brunes apparaissent sur votre peau, prenez <a href=\"https:\/\/www.vitalco.com\/skin-care-pigment-clair.html\"><strong>Skin Care Pigment Clair<\/strong><\/a>, 2 comprim\u00e9s par jour \u00e9galement, pendant au moins 2 mois. Vous pouvez continuer toute l\u2019ann\u00e9e pour un teint parfait, \u00e9clatant de sant\u00e9 et sans tache.\n<\/ul>\n<\/p><\/div>\n<\/div>\n<div class=\"col-sm-8\">\n<img class=\"img-responsive\" src=\"https:\/\/www.vitalco.com\/mag\/app\/uploads\/2019\/08\/sunprotect.jpg\">\n<\/div>\n  \n<\/section>\n\n\n<div class=\"bg-cover\" style=\"background-image:url(https:\/\/www.vitalco.com\/mag\/app\/uploads\/2019\/08\/soleil-1.jpg);background-position:center\"><section class=\"row mt-4\" id=\"block3\">\n\n<div class=\"col-sm-16\">\n<h2 class=\"font-weight-bold pl-md-5 mb-3 mb-md-5 mt-0 px-3 px-md-5 mt-3 mt-md-5 text-montserrat\" style=\"color:#ffffff\"><span>Pourquoi se m\u00e9fier du soleil ?<\/span><\/h2>\n<div class=\"text-justify mx-md-5 mx-3 my-5 pb-3 px-4 pt-4\" style=\" background-color: rgba(255, 255, 255, 0.9)\">\n<p>Le soleil est bon pour la sant\u00e9, il favorise la fabrication de vitamine D dans la peau. Et cette vitamine, nous en avons grand besoin. Elle renforce la solidit\u00e9 des os et des dents. La principale source de <strong>vitamine D<\/strong> est la lumi\u00e8re du soleil. Mais l\u2019exc\u00e8s d\u2019exposition au soleil engendre aussi le <strong>vieillissement pr\u00e9matur\u00e9 de la peau<\/strong>. Peau rid\u00e9e, taches brunes, r\u00e9actions cutan\u00e9es.<\/p>\n<p>Pour que le soleil reste votre ami, pr\u00e9parez votre peau au soleil avant l\u2019exposition et pensez \u00e0 vous prot\u00e9ger pendant l\u2019exposition (cr\u00e8me solaire adapt\u00e9e, ombre, v\u00eatements et chapeaux\u2026).<\/p>\n<\/div>\n<\/div>\n<div class=\"col-sm-8\">\n<\/div>\n  \n<\/section>\n<\/div>\n\n<div style=\"background-color:#f1c379!important;\"><section class=\"row mt-4\" id=\"block4\">\n\n<div class=\"col-sm-24\">\n<div class=\"text-justify mx-md-5 mb-0 mt-0 lead px-2 my-2 my-md-5\">\n<p style=\"text-align:center\"><b>Pour un teint uniforme, une peau h\u00e2l\u00e9e tout en \u00e9tant prot\u00e9g\u00e9e des risques li\u00e9s \u00e0 l\u2019exposition, ayez le r\u00e9flexe Skin Care pour votre peau :<\/b><\/p>\n<\/div>\n<\/div>\n  \n<\/section>\n<\/div>\n\n<section class=\"row mt-0\">\n<div class=\"col-sm-10\">\n<img class=\"img-responsive\" src=\"https:\/\/www.vitalco.com\/media\/catalog\/product\/s\/k\/skincarehaleparfait_3-4_2.png\">\n<\/div>\n<div class=\"col-sm-14\">\n<h3 class=\"mb-0 font-weight-bold\">Skin Care H\u00e2le Parfait pour une peau h\u00e2l\u00e9e et prot\u00e9g\u00e9e<\/h3>\n<div class=\"mb-4 pt-4\">\n<ul>\r\n<li>Pr\u00e9pare la peau au soleil<\/li>\r\n<li>Favorise un bronzage lumineux et uniforme<\/li>\r\n<li>Prolonge la dur\u00e9e du bronzage<\/li>\r\n<li>Prot\u00e8ge la peau du vieillissement cutan\u00e9<\/li>\r\n<li>Ne contient pas de b\u00eata-carot\u00e8ne<\/li>\r\n<\/ul>\n<center class=\"mt-4 mb-4\"><a href=\"https:\/\/www.vitalco.com\/skin-care-hale-parfait.html\" class=\"btn bg-primary text-white font-weight-bold\">D\u00e9couvrir<\/a><\/center>\n<\/div>\n<\/div>\n<\/section>\n\n<section class=\"row mt-0\">\n<div class=\"col-sm-10\">\n<img class=\"img-responsive\" src=\"https:\/\/www.vitalco.com\/media\/catalog\/product\/s\/k\/skincarepigmentclair_3-4.png\">\n<\/div>\n<div class=\"col-sm-14\">\n<h3 class=\"mb-0 font-weight-bold\">Skin Care Pigment Clair pour att\u00e9nuer les taches brunes<\/h3>\n<div class=\"mb-4 pt-4\">\n<ul>\r\n<li>Att\u00e9nue les taches brunes<\/li>\r\n<li>Unifie le teint<\/li>\r\n<li>Redonne de l\u2019\u00e9clat \u00e0 la peau<\/li>\r\n<li>Prot\u00e8ge du vieillissement cutan\u00e9<\/li>\r\n<li>Lutte contre l\u2019apparition de nouvelles taches<\/li>\r\n<\/ul>\n<center class=\"mt-4 mb-4\"><a href=\"https:\/\/www.vitalco.com\/skin-care-pigment-clair.html\" class=\"btn bg-primary text-white font-weight-bold\">D\u00e9couvrir<\/a><\/center>\n<\/div>\n<\/div>\n<\/section>","protected":false},"excerpt":{"rendered":"","protected":false},"author":1,"featured_media":2039,"comment_status":"closed","ping_status":"open","sticky":false,"template":"","format":[34],"meta":[],"categories":[53],"tags":[74],"_links":{"self":[{"href":"https:\/\/www.vitalco.com\/mag\/wp-json\/wp\/v2\/posts\/2031"}],"collection":[{"href":"https:\/\/www.vitalco.com\/mag\/wp-json\/wp\/v2\/posts"}],"about":[{"href":"https:\/\/www.vitalco.com\/mag\/wp-json\/wp\/v2\/types\/post"}],"author":[{"embeddable":true,"href":"https:\/\/www.vitalco.com\/mag\/wp-json\/wp\/v2\/users\/1"}],"replies":[{"embeddable":true,"href":"https:\/\/www.vitalco.com\/mag\/wp-json\/wp\/v2\/comments?post=2031"}],"version-history":[{"count":1,"href":"https:\/\/www.vitalco.com\/mag\/wp-json\/wp\/v2\/posts\/2031\/revisions"}],"predecessor-version":[{"id":3278,"href":"https:\/\/www.vitalco.com\/mag\/wp-json\/wp\/v2\/posts\/2031\/revisions\/3278"}],"wp:featuredmedia":[{"embeddable":true,"href":"https:\/\/www.vitalco.com\/mag\/wp-json\/wp\/v2\/media\/2039"}],"wp:attachment":[{"href":"https:\/\/www.vitalco.com\/mag\/wp-json\/wp\/v2\/media?parent=2031"}],"wp:term":[{"taxonomy":"category","embeddable":true,"href":"https:\/\/www.vitalco.com\/mag\/wp-json\/wp\/v2\/categories?post=2031"},{"taxonomy":"post_tag","embeddable":true,"href":"https:\/\/www.vitalco.com\/mag\/wp-json\/wp\/v2\/tags?post=2031"},{"taxonomy":"format","embeddable":true,"href":"https:\/\/www.vitalco.com\/mag\/wp-json\/wp\/v2\/format?post=2031"}],"curies":[{"name":"wp","href":"https:\/\/api.w.org\/{rel}","templated":true}]}}